{"id":5367,"date":"2022-10-25T16:37:09","date_gmt":"2022-10-25T14:37:09","guid":{"rendered":"http:\/\/nparo.fr\/?p=5367"},"modified":"2022-11-22T16:12:19","modified_gmt":"2022-11-22T15:12:19","slug":"reseaux-sociaux-et-communication-numerique","status":"publish","type":"post","link":"https:\/\/nparo.fr\/?p=5367","title":{"rendered":"R\u00e9seaux sociaux et communication num\u00e9rique"},"content":{"rendered":"\n<h1 class=\"wp-block-heading\">Introduction et enjeux (Introduction et enjeux)<\/h1>\n\n\n\n<div style=\"height:100px\" aria-hidden=\"true\" class=\"wp-block-spacer\"><\/div>\n\n\n\n<div class=\"wp-block-columns is-layout-flex wp-container-core-columns-is-layout-1 wp-block-columns-is-layout-flex\">\n<div class=\"wp-block-column has-black-color has-text-color is-layout-flow wp-block-column-is-layout-flow\" style=\"flex-basis:25%\"><\/div>\n\n\n\n<div class=\"wp-block-column is-layout-flow wp-block-column-is-layout-flow\" style=\"flex-basis:50%\">\n<h2 class=\"wp-block-heading\"><strong>Introduction aux r\u00e9seaux sociaux et \u00e0 la publication en r\u00e9seaux. (EG3)<\/strong><\/h2>\n\n\n\n<div style=\"height:40px\" aria-hidden=\"true\" class=\"wp-block-spacer\"><\/div>\n\n\n\n<p class=\"has-medium-font-size\"><strong>&#8211; R\u00e9pondre aux questions&nbsp;:<\/strong><\/p>\n\n\n\n<p class=\"has-white-color has-black-background-color has-text-color has-background has-medium-font-size\"><strong>1\/Que se passe t\u2019il lorsque je fais une recherche sur internet&nbsp;? (D\u00e9crire les actions concr\u00e8tes que vous devez r\u00e9aliser pour effectuer une recherche sur internet)<\/strong><\/p>\n\n\n\n<p><\/p>\n\n\n\n<p class=\"has-medium-font-size\"><em><strong>R\u00e9ponse :<\/strong><\/em><\/p>\n\n\n\n<p class=\"has-medium-font-size\">&#8211; Je connecte mon ordinateur au r\u00e9seau t\u00e9l\u00e9phonique via un c\u00e2ble et une prise r\u00e9seau (RJ45)<br>&#8211; j\u2019allume mon ordinateur et je d\u00e9marre un navigateur web&nbsp;: Firefox, Chrome sont les principaux.<\/p>\n\n\n\n<p class=\"has-medium-font-size\">&#8211; Pour effectuer une recherche je vais sur un site internet \u00ab&nbsp;moteur de recherche&nbsp;\u00bb comme Google, Duckduckgo ou Qwant.<\/p>\n\n\n\n<p class=\"has-medium-font-size\">Les principales diff\u00e9rences entre Google et les autres sont&nbsp;:<br>&#8211; Google est le premier moteur de recherche a avoir \u00e9t\u00e9 cr\u00e9\u00e9, il a une avance technologique importante mais collecte toutes donn\u00e9es de navigation de ses utilisateurs.<br>Qwant et Duckduckgo sont plus respectueux de la vie priv\u00e9e de leurs utilisateurs et n\u2019enregistrent pas syst\u00e9matiquement les donn\u00e9es de ces derniers.<\/p>\n\n\n\n<p><\/p>\n\n\n\n<p class=\"has-white-color has-black-background-color has-text-color has-background has-medium-font-size\"><strong>2\/ Que se passe t\u2019il lorsque je publie sur internet&nbsp;? (D\u00e9crire les actions concr\u00e8tes que vous devez r\u00e9aliser pour publier sur internet)<\/strong><\/p>\n\n\n\n<p><\/p>\n\n\n\n<p class=\"has-medium-font-size\"><em><strong>R\u00e9ponse : <\/strong><\/em><br>Lorsque je publie sur internet, je publie dans le domaine public. C&rsquo;est \u00e0 dire que mes publications sont soumises \u00e0 la loi du pays o\u00f9 je me connecte \u00e0 internet. Comme si je publiais un livre et qu&rsquo;il \u00e9tait distribu\u00e9 en librairie.<br>Par exemple en France sont punis par la loi : les propos racistes, homophobes, calomnieux, faux&#8230;<br><\/p>\n\n\n\n<p class=\"has-white-color has-black-background-color has-text-color has-background has-medium-font-size\"><br><strong>3\/ Publier des informations sur un r\u00e9seau social est-ce que c\u2019est publier des informations sur internet&nbsp;?<\/strong><\/p>\n\n\n\n<p><\/p>\n\n\n\n<p class=\"has-medium-font-size\"><strong><em>R\u00e9ponse : <\/em><\/strong><br>OUI<br>Les r\u00e9seaux sociaux ne sont qu&rsquo;une toute petite partie d&rsquo;Internet.<\/p>\n\n\n\n<p><\/p>\n\n\n\n<p class=\"has-white-color has-black-background-color has-text-color has-background has-medium-font-size\"><strong>4\/ Qu\u2019est ce que \u00ab&nbsp;la sph\u00e8re priv\u00e9e&nbsp;\u00bb&nbsp;? Qu\u2019est ce que la \u00ab&nbsp;sph\u00e8re publique&nbsp;\u00bb&nbsp;?<\/strong><br><strong>Ces deux espaces sont-ils identiques&nbsp;? Peut-on faire la m\u00eame chose dans l\u2019une<br>comme dans l\u2019autre&nbsp;?<\/strong><\/p>\n\n\n\n<p><\/p>\n\n\n\n<p class=\"has-medium-font-size\"><em><strong>R\u00e9ponse : <\/strong><\/em><br>Les sph\u00e8res publiques et priv\u00e9s sont 2 espaces li\u00e9s \u00e0 ma personne.<\/p>\n\n\n\n<p class=\"has-medium-font-size\">Dans la sph\u00e8re priv\u00e9e, je vis mon intimit\u00e9. Mon intimit\u00e9 m&rsquo;appartient strictement comme mon corps et je suis le ou la seule \u00e0 pouvoir d\u00e9cider avec qui je partage ce que je fais dans mon intimit\u00e9.<br>De 0 \u00e0 18 ans mon intimit\u00e9 est prise en charge par mes tuteurs, puis elle devient mienne d\u00e8s lors que je suis majeur.<\/p>\n\n\n\n<p><\/p>\n\n\n\n<h2 class=\"wp-block-heading\">Dans la sph\u00e8re priv\u00e9e mes actes sont plus libres, plus proches de mes pens\u00e9es, plus spontan\u00e9s.<\/h2>\n\n\n\n<p><\/p>\n\n\n\n<p class=\"has-medium-font-size\">Dans la sph\u00e8re publique je suis confront\u00e9 aux autres, mes actes sont encadr\u00e9s par la loi et doivent tenir compte des libert\u00e9s et devoirs des autres.<br>Je devient responsable de mes actes dans la sph\u00e8re publique \u00e0 mes 18 ans, avant ce sont mes tuteurs qui sont responsables.<\/p>\n\n\n\n<h2 class=\"wp-block-heading\">Dans la sph\u00e8re publique mon comportement est construit et r\u00e9pond \u00e0 des attendus de la soci\u00e9t\u00e9.<\/h2>\n\n\n\n<p><\/p>\n\n\n\n<p><\/p>\n\n\n\n<p class=\"has-white-color has-black-background-color has-text-color has-background has-medium-font-size\"><strong>5\/- R\u00e9aliser un sch\u00e9ma technique d\u2019internet<\/strong>.<\/p>\n\n\n\n<p><\/p>\n\n\n\n<p class=\"has-medium-font-size\"><strong><em>R\u00e9ponse : <\/em><\/strong><\/p>\n\n\n\n<figure class=\"wp-block-image size-large\"><img loading=\"lazy\" decoding=\"async\" width=\"1030\" height=\"620\" src=\"http:\/\/nparo.fr\/wp-content\/uploads\/2022\/10\/web-1030x620.jpg\" alt=\"\" class=\"wp-image-5445\" srcset=\"https:\/\/nparo.fr\/wp-content\/uploads\/2022\/10\/web-1030x620.jpg 1030w, https:\/\/nparo.fr\/wp-content\/uploads\/2022\/10\/web-300x181.jpg 300w, https:\/\/nparo.fr\/wp-content\/uploads\/2022\/10\/web-768x463.jpg 768w, https:\/\/nparo.fr\/wp-content\/uploads\/2022\/10\/web-350x211.jpg 350w, https:\/\/nparo.fr\/wp-content\/uploads\/2022\/10\/web.jpg 1300w\" sizes=\"(max-width: 1030px) 100vw, 1030px\" \/><figcaption class=\"wp-element-caption\">Internet est une toile d&rsquo;araign\u00e9e o\u00f9 chaque point est une ressource reli\u00e9e \u00e0 toutes les autres.<\/figcaption><\/figure>\n\n\n\n<p class=\"has-medium-font-size\"><br><\/p>\n\n\n\n<div style=\"height:100px\" aria-hidden=\"true\" class=\"wp-block-spacer\"><\/div>\n\n\n\n<h2 class=\"has-vivid-cyan-blue-color has-text-color wp-block-heading\"><strong>1\/ Histoire d\u2019internet et des r\u00e9seaux sociaux<\/strong><\/h2>\n\n\n\n<p><\/p>\n\n\n\n<div style=\"height:50px\" aria-hidden=\"true\" class=\"wp-block-spacer\"><\/div>\n\n\n\n<p class=\"has-black-color has-text-color has-medium-font-size\"><strong>1<\/strong><strong>957&nbsp;:<\/strong> Les 1e satellites russes sont envoy\u00e9s dans l\u2019espace. C\u2019est la p\u00e9riode de la guerre froide pendant laquelle les USA et l\u2019URSS (les sovi\u00e9tiques) s\u2019affrontent \u00ab&nbsp;\u00e0 qui sera le meilleur\u2026.&nbsp;\u00bb pour dominer le monde.<\/p>\n\n\n\n<p class=\"has-medium-font-size\">C\u2019est dans ce contexte qu\u2019appara\u00eet  l\u2019id\u00e9e d\u2019un r\u00e9seau d\u2019ordinateurs pour contrer une \u00e9ventuelle attaque russe aux USA.<\/p>\n\n\n\n<p class=\"has-medium-font-size\"><br><strong>1969&nbsp;:<\/strong> 4 ordinateurs am\u00e9ricains r\u00e9ussissent \u00e0 \u00e9changer des informations entre eux via des lignes t\u00e9l\u00e9phoniques et \u00e0 travailler ensemble. Ce r\u00e9seau s\u2019appelle ARPANET il est l\u2019anc\u00eatre d\u2019internet.<\/p>\n\n\n\n<p><\/p>\n\n\n\n<p class=\"has-medium-font-size\"><strong>1971&nbsp;:<\/strong> envoi et r\u00e9ception du premier email<br>RQ&nbsp;: C\u2019est Elisabeth II qui sera la premi\u00e8re personnalit\u00e9 \u00e0 envoyer un message \u00e9lectronique en 1976.<\/p>\n\n\n\n<div style=\"height:50px\" aria-hidden=\"true\" class=\"wp-block-spacer\"><\/div>\n\n\n\n<p class=\"has-medium-font-size\">Puis ce r\u00e9seau se modernise et \u00e9volue et c\u2019est dans les ann\u00e9es 1990 qu\u2019il s\u2019ouvre au grand public permettant d\u2019\u00e9changer des informations et surtout de consulter des sites web.<\/p>\n\n\n\n<p class=\"has-medium-font-size\">Tim Berners-Lee est l\u2019inventeur du principe de site web accessible \u00e0 tous H24 et des futurs DATASCenters.<\/p>\n\n\n\n<h2 class=\"has-background wp-block-heading\" style=\"background-color:#f3f0f0\">Aujourd\u2019hui il existe 1,7 milliard de sites internet 4,5 Milliards d\u2019habitants sur terre sont internautes (60&nbsp;% de la population mondiale)<\/h2>\n\n\n\n<p class=\"has-medium-font-size\">Un d\u00e9veloppement exponentiel d\u00fb \u00e0 l\u2019augmentation des performances des<\/p>\n\n\n\n<p class=\"has-medium-font-size\">ordinateurs, du r\u00e9seau internet, \u00e0 la baisse des prix des appareils et  \u00e0 la r\u00e9duction de la taille des machines&#8230;<\/p>\n\n\n\n<p class=\"has-medium-font-size\">(<strong>2022 = 1,4 milliards de mails envoy\u00e9s par jour<\/strong>)<\/p>\n\n\n\n<div style=\"height:50px\" aria-hidden=\"true\" class=\"wp-block-spacer\"><\/div>\n\n\n\n<h2 class=\"has-vivid-cyan-blue-color has-text-color wp-block-heading\"><strong>2\/ Enjeux et probl\u00e9matiques&nbsp;des r\u00e9seaux sociaux :<\/strong><\/h2>\n\n\n\n<div style=\"height:30px\" aria-hidden=\"true\" class=\"wp-block-spacer\"><\/div>\n\n\n\n<h2 class=\"has-vivid-cyan-blue-color has-text-color wp-block-heading\"><strong>a) Les enjeux informatifs&nbsp;:<\/strong><\/h2>\n\n\n\n<p class=\"has-medium-font-size\">Aux d\u00e9buts d\u2019internet les sites \u00e9taient r\u00e9alis\u00e9s par des professionnels, des techniciens associ\u00e9s \u00e0 des \u00ab&nbsp;gens de lettres&nbsp;\u00bb (journalistes&nbsp;,  enseignants\u2026) dont le m\u00e9tier est la recherche et la publication d\u2019informations.<\/p>\n\n\n\n<p class=\"has-medium-font-size\">La publication sur internet \u00e9tait donc limit\u00e9e, peu de gens publiaient et donc la masse d\u2019informations \u00e9tait contr\u00f4lable.<\/p>\n\n\n\n<p class=\"has-medium-font-size\">Une mauvaise information, une fausse information pouvait \u00eatre vite rep\u00e9r\u00e9e et supprim\u00e9e ou corrig\u00e9e.<\/p>\n\n\n\n<h2 class=\"has-background wp-block-heading\" style=\"background-color:#f3f0f0\">Actuellement avec l\u2019apparition du <strong>web 2.0<\/strong>, tout le monde peut publier, donner son avis et diffuser \u00e0 grande \u00e9chelle ses informations.<\/h2>\n\n\n\n<p class=\"has-medium-font-size\">Quelles soient fausses, vraies, racistes, calomnieuses\u2026 Il est tr\u00e8s difficile de r\u00e9guler aujourd\u2019hui l\u2019information et pour l\u2019utilisateur de la v\u00e9rifier.<\/p>\n\n\n\n<div style=\"height:30px\" aria-hidden=\"true\" class=\"wp-block-spacer\"><\/div>\n\n\n\n<h2 class=\"has-vivid-cyan-blue-color has-text-color wp-block-heading\"><strong>b) Les enjeux sociaux :<\/strong><\/h2>\n\n\n\n<div style=\"height:30px\" aria-hidden=\"true\" class=\"wp-block-spacer\"><\/div>\n\n\n\n<p class=\"has-medium-font-size\">L&rsquo;apparition des r\u00e9seaux sociaux \u00e0 la fin des ann\u00e9es 1990 a permis l\u2019essor des communaut\u00e9s sur le web et l\u2019autopublication de contenus. Apr\u00e8s \u00e9tude, \u00e9tonnement on se rend compte que les personnes inscrites ne cherchent pas de nouvelles rencontres, de nouveaux amis mais \u00ab&nbsp;REFONT&nbsp;\u00bb communaut\u00e9, \u00e0 partir de connaissances de la vie r\u00e9elle, les connaissances des connaissances venant s\u2019agr\u00e9ger. <\/p>\n\n\n\n<p class=\"has-medium-font-size\">A tel point que \u00ab&nbsp;demander en ami&nbsp;\u00bb une personne hors de son r\u00e9seau, sans connexion pr\u00e9alable, passe pour \u2026 louche&nbsp;!<\/p>\n\n\n\n<p class=\"has-medium-font-size\">Cet \u00e9tat de fait est en partie d\u00fb aussi \u00e0 l\u2019essor du harc\u00e8lement d\u2019individus par<\/p>\n\n\n\n<p class=\"has-medium-font-size\">d\u2019autres&nbsp;via les r\u00e9seaux : <strong>le  cyberharc\u00e8lement, <\/strong>qui n\u2019encourage pas la confiance en l\u2019autre, surtout si nous ne le connaissons pas \u00ab&nbsp;dans la vraie vie&nbsp;\u00bb.<\/p>\n\n\n\n<p class=\"has-medium-font-size\">Les adolescents \u00e9tant les plus importants utilisateurs (en nombre) de cette technologie pour ces usages (r\u00e9seaux sociaux) ils en sont aussi les premi\u00e8res victimes.<\/p>\n\n\n\n<p class=\"has-medium-font-size\">Car le principe d\u2019une communaut\u00e9 est de se mettre en sc\u00e8ne, m\u00eame inconsciemment, et d\u2019attendre l\u2019approbation de la communaut\u00e9 pour exister.<\/p>\n\n\n\n<p class=\"has-medium-font-size\">Cette acceptation qui prenait \u00ab&nbsp;autrefois&nbsp;\u00bb&nbsp; du temps, est quasi instantan\u00e9e et ce \u00ab&nbsp;raccourcissement&nbsp;\u00bb est tr\u00e8s violent.<\/p>\n\n\n\n<h2 class=\"has-background wp-block-heading\" style=\"background-color:#f3f0f0\">Ex = Lundi on admire X, Mardi on le d\u00e9teste quand ce n\u2019est pas d\u00e8s le lundi soir qu\u2019on l\u2019insulte au vue de toutes et tous.<\/h2>\n\n\n\n<p class=\"has-medium-font-size\"><\/p>\n\n\n\n<figure class=\"wp-block-image size-large\"><a href=\"https:\/\/www.thesocialdilemma.com\/fr\/\" target=\"_blank\" rel=\"noreferrer noopener\"><img loading=\"lazy\" decoding=\"async\" width=\"687\" height=\"1030\" src=\"http:\/\/nparo.fr\/wp-content\/uploads\/2022\/10\/the-social-dilemna-687x1030.jpeg\" alt=\"\" class=\"wp-image-5394\" srcset=\"https:\/\/nparo.fr\/wp-content\/uploads\/2022\/10\/the-social-dilemna-687x1030.jpeg 687w, https:\/\/nparo.fr\/wp-content\/uploads\/2022\/10\/the-social-dilemna-200x300.jpeg 200w, https:\/\/nparo.fr\/wp-content\/uploads\/2022\/10\/the-social-dilemna-768x1152.jpeg 768w, https:\/\/nparo.fr\/wp-content\/uploads\/2022\/10\/the-social-dilemna-1024x1536.jpeg 1024w, https:\/\/nparo.fr\/wp-content\/uploads\/2022\/10\/the-social-dilemna-233x350.jpeg 233w, https:\/\/nparo.fr\/wp-content\/uploads\/2022\/10\/the-social-dilemna.jpeg 1140w\" sizes=\"(max-width: 687px) 100vw, 687px\" \/><\/a><\/figure>\n\n\n\n<p class=\"has-medium-font-size\">(Extrait de \u00ab&nbsp;<a rel=\"noreferrer noopener\" href=\"https:\/\/www.thesocialdilemma.com\/fr\/\" target=\"_blank\">the social dilemna<\/a>&nbsp;\u00bb 32\u201946 \u00e0 42\u201920)<br>Regarder \u00ab\u00a0<a href=\"http:\/\/nparo.fr\/DATAS\/videos\/The.Social.Dilemma.2020.FRENCH.720p.WEB.H264-EXTREME_wWw.Extreme-Down.Video.mkv\" target=\"_blank\" rel=\"noreferrer noopener\">The Social Dilemna<\/a>\u00ab\u00a0<\/p>\n\n\n\n<div style=\"height:30px\" aria-hidden=\"true\" class=\"wp-block-spacer\"><\/div>\n\n\n\n<p class=\"has-medium-font-size\">Enfin pour finir, ils sont aussi \u00e0 l\u2019origine de nouveaux m\u00e9tiers qui vont avoir comme mission&nbsp;: la gestion, l\u2019animation ou la manipulation des communaut\u00e9s cr\u00e9es. <\/p>\n\n\n\n<p class=\"has-medium-font-size\">Apparition de nouveaux m\u00e9tier&nbsp;: les Influenceurs, des Community Managers<br>Exemple : des vid\u00e9os dites de \u00ab\u00a0d\u00e9tente\u00a0\u00bb<\/p>\n\n\n\n<p class=\"has-medium-font-size\"><strong>ASMR&nbsp;:<\/strong> <a href=\"https:\/\/fr.wikipedia.org\/wiki\/Autonomous_sensory_meridian_response\">https:\/\/fr.wikipedia.org\/wiki\/Autonomous_sensory_meridian_response<\/a><\/p>\n\n\n\n<p class=\"has-medium-font-size\">ou<br>ASMR  <a href=\"https:\/\/www.youtube.com\/watch?v=HQAVLMziaoc\">https:\/\/www.youtube.com\/watch?v=HQAVLMziaoc<\/a><\/p>\n\n\n\n<p class=\"has-medium-font-size\">(\u00e0 3\u201940\u2019\u2019)<\/p>\n\n\n\n<p class=\"has-medium-font-size\">Que l&rsquo;on pourrait voir aussi comme des publicit\u00e9s d\u00e9guis\u00e9es avec de nombreux placements de produits.<\/p>\n\n\n\n<p><\/p>\n\n\n\n<div style=\"height:30px\" aria-hidden=\"true\" class=\"wp-block-spacer\"><\/div>\n\n\n\n<h2 class=\"has-medium-font-size wp-block-heading\">Malgr\u00e9 tout ces outils ont r\u00e9volutionn\u00e9 nos usages de communication et transform\u00e9 notre fa\u00e7on de travailler : <\/h2>\n\n\n\n<h2 class=\"has-background has-medium-font-size wp-block-heading\" style=\"background-color:#f3f0f0\"><strong>Facebook (2004-2006)<\/strong> a rendu la Poste&nbsp;: obsol\u00e8te notamment depuis la multiplication des smartphones,<\/h2>\n\n\n\n<h2 class=\"has-medium-font-size wp-block-heading\"><\/h2>\n\n\n\n<h2 class=\"has-background has-medium-font-size wp-block-heading\" style=\"background-color:#f3f0f0\"><strong>Lindkedin (2003)<\/strong> a permis \u00e0 des employeurs, des actifs de se rencontrer et de discuter<\/h2>\n\n\n\n<h2 class=\"has-background has-medium-font-size wp-block-heading\" style=\"background-color:#f3f0f0\"><strong>Twitter (2006)<\/strong> est devenu un outil de veille tr\u00e8s puissant.<\/h2>\n\n\n\n<p><\/p>\n\n\n\n<h2 class=\"has-background has-medium-font-size wp-block-heading\" style=\"background-color:#f3f0f0\"><strong>Tik-Tok (2016)<\/strong> permet de \u00ab&nbsp;toucher&nbsp;\u00bb des jeunes et de les sensibiliser \u00e0 des pratiques professionnelles&nbsp;: les agri-influenceurs (Arte.tv)<\/h2>\n\n\n\n<div style=\"height:30px\" aria-hidden=\"true\" class=\"wp-block-spacer\"><\/div>\n\n\n\n<p class=\"has-medium-font-size\"><strong>P<\/strong><strong>ourquoi particuli\u00e8rement les jeunes adolescents et adultes&nbsp;?<\/strong><\/p>\n\n\n\n<p class=\"has-medium-font-size\">Car ils sont dans une phase de leur vie o\u00f9 la communication est tr\u00e8s importante.<\/p>\n\n\n\n<p class=\"has-medium-font-size\">Ils cherchent leur identit\u00e9, leur groupe social (on parle de tribu) dans lequel ils pourront \u00e9voluer, s\u2019\u00e9panouir et devenir eux-m\u00eames.<\/p>\n\n\n\n<h2 class=\"has-background wp-block-heading\" style=\"background-color:#f3f0f0\"><strong>Paradoxalement ils ont besoin d\u2019\u00eatre unique tout en \u00e9tant int\u00e9gr\u00e9 dans<\/strong> <strong>un groupe.<\/strong><\/h2>\n\n\n\n<p><\/p>\n\n\n\n<p class=\"has-medium-font-size\">Les plateformes de r\u00e9seaux sociaux sont les outils les mieux adapt\u00e9s \u00e0 ce ph\u00e9nom\u00e8ne, ils sont donc devenus leurs outils par excellence.<\/p>\n\n\n\n<p class=\"has-medium-font-size\"><strong>POUR LE MEILLEUR et POUR LE PIRE.<\/strong><\/p>\n\n\n\n<div style=\"height:100px\" aria-hidden=\"true\" class=\"wp-block-spacer\"><\/div>\n\n\n\n<h2 class=\"has-vivid-cyan-blue-color has-text-color wp-block-heading\"><strong>c) Les enjeux \u00e9cologiques&nbsp;:<\/strong><\/h2>\n\n\n\n<div style=\"height:30px\" aria-hidden=\"true\" class=\"wp-block-spacer\"><\/div>\n\n\n\n<p class=\"has-medium-font-size\">Le num\u00e9rique semble invisible, transparent\u2026 on parle de Cloud (\u00ab&nbsp;Nuage&nbsp;\u00bb en anglais). Mais il a un impact, d\u00e9sormais bien mesur\u00e9, bien r\u00e9el dans le monde et a sa part de responsabilit\u00e9 dans les changements climatiques actuels.<\/p>\n\n\n\n<p><\/p>\n\n\n\n<h2 class=\"has-background wp-block-heading\" style=\"background-color:#f3f0f0\">La production mondiale de d\u00e9chets \/ an du num\u00e9rique = 5000 tours Eiffel.<\/h2>\n\n\n\n<div style=\"height:30px\" aria-hidden=\"true\" class=\"wp-block-spacer\"><\/div>\n\n\n\n<p class=\"has-vivid-cyan-blue-color has-text-color has-medium-font-size\"><strong>C1&nbsp;:Du point de vue de ses infrastructures et de ses appareils&nbsp;:<\/strong><\/p>\n\n\n\n<p><\/p>\n\n\n\n<p class=\"has-medium-font-size\"><strong>Quelques chiffres&nbsp;:<\/strong><\/p>\n\n\n\n<p class=\"has-medium-font-size\">En 2017&nbsp;: 1,5 milliards de t\u00e9l\u00e9phones vendus dans le monde.<\/p>\n\n\n\n<p class=\"has-medium-font-size\"><strong>2019 = 34 milliard d\u2019\u00e9quipements<\/strong> = en \u00e9quivalent poids 179 millions de voitures 5 portes.<\/p>\n\n\n\n<p><\/p>\n\n\n\n<p class=\"has-medium-font-size\">Pour calculer le poids \u00e9cologique d\u2019un appareil on calcule son MIPS&nbsp;:<br><br><strong>MIPS&nbsp;:<\/strong> \u00ab\u00a0mat\u00e9riel input per service unit\u00a0\u00bb (\u00ab<strong>&nbsp;la quantit\u00e9 de ressources n\u00e9cessaires \u00e0 la fabrication d\u2019un produit et\/ou d\u2019un service&nbsp;<\/strong>\u00bb&nbsp;: <\/p>\n\n\n\n<p class=\"has-medium-font-size\">la mobilisation, d\u00e9placement, utilisation, recyclage de toutes les ressources mobilis\u00e9es + les impacts sociaux&nbsp;: d\u00e9placement de pop\u2026)<br><br>Ex&nbsp;: 1 tee-shirt produit en Inde = 226Kg de ressources, 1l de jus d\u2019orange = 100kg de ressources, un journal = 10kg\u2026 <\/p>\n\n\n\n<h2 class=\"wp-block-heading\">1 Bague comprennant qq gr d\u2019or = 3t de ressources\u2026<\/h2>\n\n\n\n<div style=\"height:30px\" aria-hidden=\"true\" class=\"wp-block-spacer\"><\/div>\n\n\n\n<p>LE MIPS d\u2019un appareil croit avec son nombre de composants : <\/p>\n\n\n\n<p><\/p>\n\n\n\n<h2 class=\"has-background wp-block-heading\" style=\"background-color:#f3f0f0\"><strong>&gt; Le nb de composants des smartphones&nbsp;:<\/strong><br>\u2013 1960&nbsp;: 10 (alu, zinc\u2026)<br>\u2013 1990&nbsp;: 29&nbsp;: (cuivre, cobalt, plomb\u2026)<br>\u2013 2020&nbsp;: or, lithium, magn\u00e9sium, brome, silicium \u2026 <strong>50 composants<\/strong><\/h2>\n\n\n\n<p><\/p>\n\n\n\n<p class=\"has-medium-font-size\"><strong>Un <\/strong><strong>Smartphone&nbsp;: <\/strong>sa fabrication repr\u00e9sente 50&nbsp;% de son empreinte environnementale et 80&nbsp;% de sa d\u00e9pense \u00e9nerg\u00e9tique sur toute sa vie. Les composants d\u2019un smartphone sont rares, non-renouvelables et demandent beaucoup d\u2019\u00e9nergie pour \u00eatre extraits ou fabriqu\u00e9s.<\/p>\n\n\n\n<div style=\"height:30px\" aria-hidden=\"true\" class=\"wp-block-spacer\"><\/div>\n\n\n\n<p class=\"has-vivid-cyan-blue-color has-text-color has-medium-font-size\"><strong>C2&nbsp;: Du point de vue de ses usages et consommations&nbsp;:<\/strong><\/p>\n\n\n\n<div style=\"height:30px\" aria-hidden=\"true\" class=\"wp-block-spacer\"><\/div>\n\n\n\n<p class=\"has-medium-font-size\"><strong>Si le num\u00e9rique \u00e9tait un pays,<\/strong> il serait le 3<sup>e<\/sup> consommateur d\u2019Electricit\u00e9 au monde (produite pour 35&nbsp;% par du charbon) apr\u00e8s la Chine et les USA et responsable de l\u2019\u00e9mission de 4% des gaz \u00e0 effet de serre.<br>L\u2019augmentation de la consommation \u00e9lectrique est en hausse tous les ans de 5 \u00e0 7% et on projette une conso \u00e0 20&nbsp;% pour 2020.<\/p>\n\n\n\n<p><\/p>\n\n\n\n<h2 class=\"has-background wp-block-heading\" style=\"background-color:#f3f0f0\"><strong>2017 :<\/strong> 150 Go de donn\u00e9es g\u00e9n\u00e9r\u00e9s par internaute par sec. Ce qui implique des DatasCenters de plus en plus grands, consommateurs d\u2019\u00e9nergie et d\u2019espace g\u00e9ographiques.<\/h2>\n\n\n\n<p><\/p>\n\n\n\n<p class=\"has-medium-font-size\">1\/3 des donn\u00e9es mondiales produites aujourd\u2019hui transitent par le Cloud c\u2019est \u00e0 dire les Datas-Center&nbsp;:<\/p>\n\n\n\n<p class=\"has-medium-font-size\">\u2013 3 millions aujourd\u2019hui de \u2013 500 m\u00b2 chacun<br>&#8211; 100 000 de qq milliers de m<sup>2<\/sup><br>et environ 500 de la taille d\u2019un terrain de foot.<\/p>\n\n\n\n<div style=\"height:30px\" aria-hidden=\"true\" class=\"wp-block-spacer\"><\/div>\n\n\n\n<figure class=\"wp-block-image size-full\"><img loading=\"lazy\" decoding=\"async\" width=\"1000\" height=\"601\" src=\"http:\/\/nparo.fr\/wp-content\/uploads\/2022\/10\/carte-cablage-francais-a-Internet.jpg\" alt=\"\" class=\"wp-image-5419\" srcset=\"https:\/\/nparo.fr\/wp-content\/uploads\/2022\/10\/carte-cablage-francais-a-Internet.jpg 1000w, https:\/\/nparo.fr\/wp-content\/uploads\/2022\/10\/carte-cablage-francais-a-Internet-300x180.jpg 300w, https:\/\/nparo.fr\/wp-content\/uploads\/2022\/10\/carte-cablage-francais-a-Internet-768x462.jpg 768w, https:\/\/nparo.fr\/wp-content\/uploads\/2022\/10\/carte-cablage-francais-a-Internet-350x210.jpg 350w\" sizes=\"(max-width: 1000px) 100vw, 1000px\" \/><figcaption class=\"wp-element-caption\">C\u00e2blage de l&rsquo;acc\u00e8s internet fran\u00e7ais. (2017<\/figcaption><\/figure>\n\n\n\n<div style=\"height:100px\" aria-hidden=\"true\" class=\"wp-block-spacer\"><\/div>\n<\/div>\n\n\n\n<div class=\"wp-block-column is-layout-flow wp-block-column-is-layout-flow\" style=\"flex-basis:25%\"><\/div>\n<\/div>\n\n\n\n<div class=\"wp-block-columns is-layout-flex wp-container-core-columns-is-layout-2 wp-block-columns-is-layout-flex\">\n<div class=\"wp-block-column is-layout-flow wp-block-column-is-layout-flow\" style=\"flex-basis:25%\"><\/div>\n\n\n\n<div class=\"wp-block-column is-layout-flow wp-block-column-is-layout-flow\" style=\"flex-basis:50%\"><\/div>\n\n\n\n<div class=\"wp-block-column is-layout-flow wp-block-column-is-layout-flow\" style=\"flex-basis:25%\">\n<p class=\"has-medium-font-size\"><strong>(src&nbsp;: <\/strong><a href=\"https:\/\/www.lumni.fr\/dossier\/internet-les-origines-du-web\">https:\/\/www.lumni.fr\/dossier\/internet-les-origines-du-web<\/a><strong>)<\/strong><\/p>\n\n\n\n<p><\/p>\n\n\n\n<p class=\"has-medium-font-size\"><strong>(src&nbsp;: <\/strong><a href=\"https:\/\/espaces-numeriques.org\/les-reseaux-sociaux\/\">https:\/\/espaces-numeriques.org\/les-reseaux-sociaux\/<\/a><strong>)<\/strong><\/p>\n\n\n\n<p><\/p>\n\n\n\n<p class=\"has-medium-font-size\">SRC : L\u2019enfer num\u00e9rique, Guillaume Pitron (LLL, sept202<strong>1)<\/strong><\/p>\n<\/div>\n<\/div>\n","protected":false},"excerpt":{"rendered":"<p>Introduction et enjeux (Introduction et enjeux) Introduction aux r\u00e9seaux sociaux et \u00e0 la publication en r\u00e9seaux. (EG3) &#8211; R\u00e9pondre aux questions&nbsp;: 1\/Que se passe t\u2019il lorsque je fais une recherche sur internet&nbsp;? (D\u00e9crire les actions concr\u00e8tes que vous devez r\u00e9aliser pour effectuer une recherche sur internet) R\u00e9ponse : &#8211; Je connecte mon ordinateur au r\u00e9seau [&hellip;]<\/p>\n","protected":false},"author":2,"featured_media":0,"comment_status":"closed","ping_status":"open","sticky":false,"template":"","format":"aside","meta":{"footnotes":""},"categories":[33],"tags":[],"_links":{"self":[{"href":"https:\/\/nparo.fr\/index.php?rest_route=\/wp\/v2\/posts\/5367"}],"collection":[{"href":"https:\/\/nparo.fr\/index.php?rest_route=\/wp\/v2\/posts"}],"about":[{"href":"https:\/\/nparo.fr\/index.php?rest_route=\/wp\/v2\/types\/post"}],"author":[{"embeddable":true,"href":"https:\/\/nparo.fr\/index.php?rest_route=\/wp\/v2\/users\/2"}],"replies":[{"embeddable":true,"href":"https:\/\/nparo.fr\/index.php?rest_route=%2Fwp%2Fv2%2Fcomments&post=5367"}],"version-history":[{"count":51,"href":"https:\/\/nparo.fr\/index.php?rest_route=\/wp\/v2\/posts\/5367\/revisions"}],"predecessor-version":[{"id":5479,"href":"https:\/\/nparo.fr\/index.php?rest_route=\/wp\/v2\/posts\/5367\/revisions\/5479"}],"wp:attachment":[{"href":"https:\/\/nparo.fr\/index.php?rest_route=%2Fwp%2Fv2%2Fmedia&parent=5367"}],"wp:term":[{"taxonomy":"category","embeddable":true,"href":"https:\/\/nparo.fr\/index.php?rest_route=%2Fwp%2Fv2%2Fcategories&post=5367"},{"taxonomy":"post_tag","embeddable":true,"href":"https:\/\/nparo.fr\/index.php?rest_route=%2Fwp%2Fv2%2Ftags&post=5367"}],"curies":[{"name":"wp","href":"https:\/\/api.w.org\/{rel}","templated":true}]}}