{"id":5108,"date":"2022-10-04T17:39:11","date_gmt":"2022-10-04T15:39:11","guid":{"rendered":"http:\/\/nparo.fr\/?p=5108"},"modified":"2023-11-15T17:10:40","modified_gmt":"2023-11-15T16:10:40","slug":"les-acteurs-du-territoire","status":"publish","type":"post","link":"https:\/\/nparo.fr\/?p=5108","title":{"rendered":"Les acteurs du territoire"},"content":{"rendered":"\n<h1 class=\"wp-block-heading\"><strong>#1 LES TERRITOIRES RURAUX<\/strong><\/h1>\n\n\n\n<p class=\"has-medium-font-size\">Petit rappel : <\/p>\n\n\n\n<p class=\"has-medium-font-size\">La fonction des espaces ruraux est traditionnellement agricole et pour une grande part dirig\u00e9e vers l\u2019alimentation humaine, cependant celle-ci \u00e9volue.<\/p>\n\n\n\n<div class=\"wp-block-columns is-layout-flex wp-container-core-columns-is-layout-1 wp-block-columns-is-layout-flex\">\n<div class=\"wp-block-column is-layout-flow wp-block-column-is-layout-flow\">\n<figure class=\"wp-block-image size-full\"><img loading=\"lazy\" decoding=\"async\" width=\"945\" height=\"664\" src=\"http:\/\/nparo.fr\/wp-content\/uploads\/2022\/09\/2-carte-productionagriFrance-2010.png\" alt=\"\" class=\"wp-image-5071\" srcset=\"https:\/\/nparo.fr\/wp-content\/uploads\/2022\/09\/2-carte-productionagriFrance-2010.png 945w, https:\/\/nparo.fr\/wp-content\/uploads\/2022\/09\/2-carte-productionagriFrance-2010-300x211.png 300w, https:\/\/nparo.fr\/wp-content\/uploads\/2022\/09\/2-carte-productionagriFrance-2010-768x540.png 768w, https:\/\/nparo.fr\/wp-content\/uploads\/2022\/09\/2-carte-productionagriFrance-2010-350x246.png 350w\" sizes=\"(max-width: 945px) 100vw, 945px\" \/><\/figure>\n<\/div>\n\n\n\n<div class=\"wp-block-column is-layout-flow wp-block-column-is-layout-flow\">\n<figure class=\"wp-block-image size-full is-resized\"><img loading=\"lazy\" decoding=\"async\" width=\"714\" height=\"835\" src=\"http:\/\/nparo.fr\/wp-content\/uploads\/2022\/09\/carte-productionagriFrance-2010.png\" alt=\"\" class=\"wp-image-5072\" style=\"width:714px;height:835px\" srcset=\"https:\/\/nparo.fr\/wp-content\/uploads\/2022\/09\/carte-productionagriFrance-2010.png 714w, https:\/\/nparo.fr\/wp-content\/uploads\/2022\/09\/carte-productionagriFrance-2010-257x300.png 257w, https:\/\/nparo.fr\/wp-content\/uploads\/2022\/09\/carte-productionagriFrance-2010-299x350.png 299w\" sizes=\"(max-width: 714px) 100vw, 714px\" \/><\/figure>\n<\/div>\n<\/div>\n\n\n\n<div style=\"height:100px\" aria-hidden=\"true\" class=\"wp-block-spacer\"><\/div>\n\n\n\n<h1 class=\"wp-block-heading has-black-color has-cyan-bluish-gray-background-color has-text-color has-background\"><strong>1\/ Les paysans, agriculteurs, exploitants des acteurs historiques qui \u00e9voluent.<\/strong><\/h1>\n\n\n\n<div style=\"height:34px\" aria-hidden=\"true\" class=\"wp-block-spacer\"><\/div>\n\n\n\n<div class=\"wp-block-columns is-layout-flex wp-container-core-columns-is-layout-2 wp-block-columns-is-layout-flex\">\n<div class=\"wp-block-column is-layout-flow wp-block-column-is-layout-flow\">\n<h2 class=\"wp-block-heading has-black-color has-text-color\"><strong>LE CONTEXTE<\/strong><\/h2>\n\n\n\n<p class=\"has-medium-font-size\">La population des agriculteurs en France est une population vieillissante qui a du mal \u00e0 se renouveler \u00e0 cause des difficult\u00e9s que rencontre la profession qui n\u2019est pas dans un contexte favorable. La duret\u00e9 du m\u00e9tier, le trop peu de reconnaissances la met en difficult\u00e9.<\/p>\n\n\n\n<div style=\"height:28px\" aria-hidden=\"true\" class=\"wp-block-spacer\"><\/div>\n\n\n\n<figure class=\"wp-block-embed is-type-video is-provider-youtube wp-block-embed-youtube wp-embed-aspect-16-9 wp-has-aspect-ratio\"><div class=\"wp-block-embed__wrapper\">\n<iframe loading=\"lazy\" title=\"Il souhaitait suivre le quotidien d&#039;un agriculteur, Rodolphe Marconi raconte son documentaire\" width=\"760\" height=\"428\" src=\"https:\/\/www.youtube.com\/embed\/xI2-rjehROk?feature=oembed\" frameborder=\"0\" allow=\"accelerometer; autoplay; clipboard-write; encrypted-media; gyroscope; picture-in-picture; web-share\" allowfullscreen><\/iframe>\n<\/div><figcaption class=\"wp-element-caption\">R. Marconi, documentariste de \u00ab\u00a0Cyrille, agriculteur, 30 ans, 20 vaches, du lait, du beurre, des dettes\u00a0\u00bb<br>src: le #1 (N\u00b0284 19 fev.2020)<\/figcaption><\/figure>\n<\/div>\n\n\n\n<div class=\"wp-block-column is-layout-flow wp-block-column-is-layout-flow\">\n<h2 class=\"wp-block-heading\">QUELQUES REP\u00c8RES : <\/h2>\n\n\n\n<p class=\"has-medium-font-size\"><strong>1957 :<\/strong> les syndicats prennent en charge l\u2019accompagnement des jeunes agriculteurs<br><strong>1960 :<\/strong> la cr\u00e9ation de la SAFER permet de r\u00e9guler le prix des terres.<br><strong>1965 : <\/strong>L\u2019Etat cr\u00e9\u00e9 des pr\u00eats pour des exploitants de moins de 40 ans et rembourse une partie des int\u00e9r\u00eats<br><strong>1973 :<\/strong> La dotation jeune agriculteur encourage la nouvelle g\u00e9n\u00e9ration \u00e0 poursuivre l\u2019industrialisation (achat de mat\u00e9riel\u2026)<br><strong>1995 :<\/strong> Jacques Chirac met en place de chartes locales pour lutter contre l\u2019h\u00e9morragie dont souffre la profession.<br><strong>2013 :<\/strong> L\u2019Union europ\u00e9enne impose de mieux r\u00e9tribuer les produits des jeunes agriculteurs que ceux de leurs a\u00een\u00e9s (PAC)<br><strong>2014 :<\/strong> Entre 25 et 30% des nouveaux agriculteurs ne sont pas des enfants d\u2019exploitants<br><strong>2015 :<\/strong> Chaque ann\u00e9e on recense 15 000 nouveaux exploitants, les 2\/3 ont moins de 40 ans.<br><strong>2017 :<\/strong> 86% d\u2019entre eux parviennent \u00e0 se maintenir apr\u00e8s 5 ans d\u2019activit\u00e9.<br><strong>2019 :<\/strong> 37% des exploitants agricoles vont partir \u00e0 la retraite d\u2019ici 5 ans.<\/p>\n<\/div>\n<\/div>\n\n\n\n<div style=\"height:46px\" aria-hidden=\"true\" class=\"wp-block-spacer\"><\/div>\n\n\n\n<h1 class=\"wp-block-heading has-black-color has-text-color has-background\" style=\"background-color:#ededed\">Les n\u00e9o-agriculteurs : 2 articles pour comprendre leur parcours et devenir<\/h1>\n\n\n\n<div class=\"wp-block-columns is-layout-flex wp-container-core-columns-is-layout-3 wp-block-columns-is-layout-flex\">\n<div class=\"wp-block-column is-layout-flow wp-block-column-is-layout-flow\">\n<h2 class=\"wp-block-heading has-black-color has-text-color\"><strong>Article#1<\/strong><\/h2>\n\n\n\n<h2 class=\"wp-block-heading has-cyan-bluish-gray-background-color has-background\">La cat\u00e9gorie des n\u00e9o-agriculteurs est assez mal connue. On la retrouve aussi sous le nom de <strong>HCF<\/strong> : hors cadre familiaux, n\u00e9o-paysans&#8230;<\/h2>\n\n\n\n<h2 class=\"wp-block-heading has-black-color has-white-background-color has-text-color has-background has-medium-font-size\"> Entendez par l\u00e0 des personnes dipl\u00f4m\u00e9es bien ins\u00e9r\u00e9es socialement qui viennent s&rsquo;installer \u00e0 la campagne pour entamer une activit\u00e9 d&rsquo;agriculture.<br><br>Ils ne sont pas bien accueillis par les \u00ab\u00a0primo\u00a0\u00bb qui s&rsquo;affrontent \u00e0 eux et \u00e0 leurs \u00ab\u00a0id\u00e9es nouvelles\u00a0\u00bb sur l&rsquo;Agriculture.<br><br><em><strong>qq chiffres :<\/strong> depuis 2010 baisse de 1,9% en 2016 il y avait <span style=\"text-decoration: underline;\">437 000 exploitations<\/span> en France m\u00e9tropolitaine.<\/em><br><br><strong>-> pb de \u00ab\u00a0papy boom\u00a0\u00bb<\/strong>, la pop. des agriculteurs est vieillissante avec des probl\u00e8mes de reprise d&rsquo;exploitation.<br><br>C&rsquo;est l\u00e0 qu&rsquo;interviennent nos <strong>n\u00e9o-agriculteurs <\/strong>qui sont vus comme des \u00ab\u00a0hippies\u00a0\u00bb et des \u00ab\u00a0ignorants\u00a0\u00bb par les professionnels en place. <br><br>Face \u00e0 la d\u00e9sertification des parcelles certains \u00ab\u00a0mal dans leur emploi\u00a0\u00bb et \u00e0 l&rsquo;\u00e9coute de la soci\u00e9t\u00e9  (demande du Bio, circuit-court&#8230;) veulent essayer de \u00ab\u00a0faire partie de la solution\u00a0\u00bb.<\/h2>\n\n\n\n<h2 class=\"wp-block-heading has-black-color has-white-background-color has-text-color has-background has-medium-font-size\"><br><strong><span style=\"text-decoration: underline;\">Premier \u00e9cueil :<\/span> convaincre les autorit\u00e9s de la viabilit\u00e9 des projets.<\/strong><br>Ce qui a pour cons\u00e9quence des installations \u00ab\u00a0sans aide\u00a0\u00bb soit 2\/3 des installations en France qui survivent avec le RSA.<br><\/h2>\n\n\n\n<h2 class=\"wp-block-heading has-black-color has-white-background-color has-text-color has-background has-medium-font-size\"><strong><span style=\"text-decoration: underline;\">Second \u00e9cueil :<\/span> acc\u00e8s \u00e0 la terre.<\/strong> Cette absence de confiance entra\u00eene un \u00ab\u00a0bricolage\u00a0\u00bb, les n\u00e9os ont du mal \u00e0 acqu\u00e9rir des terres, souvent on leur pr\u00eate, on leur loue puis avec le temps ils sont vus plus s\u00e9rieux et acqui\u00e8rent des terres progressivement. M\u00eame sur des petites surfaces.<br><br>De plus en plus ces \u00ab\u00a0installations\u00a0\u00bb se font contre le cadre \u00e9tabli et existant et sont des sources \u00ab\u00a0<strong>d&rsquo;exp\u00e9rimentation sociale<\/strong>\u00a0\u00bb (cf la racine du mot \u00ab\u00a0rural\u00a0\u00bb, mot indo-europ\u00e9en \u00ab\u00a0<em>rewos<\/em>\u00a0\u00bb ou \u00ab\u00a0<em>r\u00fbm<\/em>\u00a0\u00bb qui signifie \u00ab\u00a0<em>espace libre<\/em>\u00ab\u00a0). <br><br>La composante Bio est visiblement pr\u00e9sente partout et talonn\u00e9e par les concepts de circuits-courts d&rsquo;autonomie et de convivialit\u00e9. <strong>Ainsi ces installations se teintent d&rsquo;une forte composante culturelle et officieusement d&rsquo;une autre plus formative<\/strong>. <br><br>Les collectifs de n\u00e9o-agriculteurs se regroupent et travaillent bien s\u00fbr ensemble mais aussi r\u00e9fl\u00e9chissent, se forment ensemble et permettent \u00e0 d&rsquo;autres, par la suite, de s&rsquo;installer. <br><br><br>Un m\u00e9tissage aussi est en cours permettant progressivement d&rsquo;augmenter leur poids socio-\u00e9conomique au sein des villages d\u00e9sert\u00e9s et sous la menace de fermeture d&rsquo;\u00e9coles.<\/h2>\n<\/div>\n\n\n\n<div class=\"wp-block-column is-layout-flow wp-block-column-is-layout-flow\">\n<h2 class=\"wp-block-heading\"><strong>Article#2 <\/strong><\/h2>\n\n\n\n<h2 class=\"wp-block-heading has-white-color has-vivid-red-background-color has-text-color has-background\"><strong>E.Fottorino pose la question de devenir agriculteur en 2020 face aux difficult\u00e9s que rencontre la profession.<\/strong><\/h2>\n\n\n\n<p class=\"has-black-color has-white-background-color has-text-color has-background has-medium-font-size\">Faire \u00e0 la fois face aux nombreuses que difficult\u00e9s que traversa la profession tr\u00e8s souvent montr\u00e9e du doigt par le reste de la population qui la traite de polluante.<br><br><strong>Paradoxalement<\/strong> \u00ab\u00a0ce monde tenu pour conservateur n&rsquo;a cess\u00e9 de s&rsquo;ouvrir\u00a0\u00bb:<br><br>&#8211; \u00e0 la modernit\u00e9 et \u00e0 sa chimie et aux nouvelles technologies, actuellement d\u00e9cri\u00e9e par les consommateurs<br><br>&#8211; Au march\u00e9 et \u00e0 ses exigences : produire moins cher mais \u00e9colo<br><br>&#8211; A des nouveaux venus, les n\u00e9o&#8230;<br><br>Actuellement la majorit\u00e9 des agriculteurs qui s&rsquo;installent aujourd&rsquo;hui son issu de famille d&rsquo;agriculteurs mais 30% de ceux qui touchent des aides \u00ab\u00a0\u00e0 l&rsquo;installation\u00a0\u00bb le font hors cadre familial. (un chiffre qui n&rsquo;a jamais \u00e9t\u00e9 aussi haut- cf le sociologue F. Purseigle)<br><br>Devenir agriculteur est de moins en moins une \u00ab\u00a0affaire de naissance\u00a0\u00bb et les natifs ont \u00e9t\u00e9 invit\u00e9 depuis longtemps, et par leurs propres parents \u00e0 poursuivre des \u00e9tudes vers d&rsquo;autres horizons.<\/p>\n\n\n\n<p class=\"has-white-color has-vivid-red-background-color has-text-color has-background has-medium-font-size\"><strong>PORTRAIT :<\/strong><br>&#8211; 80% hommes approchant la trentaine<br>&#8211; 1\/3 d&rsquo;entre eux ont une autre activit\u00e9 professionnelle<br>&#8211; Attrait pour la culture bio<br>&#8211; forte cr\u00e9ativit\u00e9 dans la commercialisation<\/p>\n\n\n\n<p class=\"has-black-color has-white-background-color has-text-color has-background has-medium-font-size\">Une difficult\u00e9 majeure \u00e0 l&rsquo;installation : l&rsquo;acquisition de terres, difficult\u00e9 entretenue par un contexte corporatiste o\u00f9 l&rsquo;entre- soi est tr\u00e8s fort et que les collectivit\u00e9s locales ont du mal \u00e0 corriger alors que s&rsquo;artificialisent de plus en plus les terres arables et les grandes exploitations tendent \u00e0 s&rsquo;\u00e9tendre encore plus.<br>Le partage \u00e9quitable des terres n&rsquo;est pas encore pour demain.<br><\/p>\n\n\n\n<p class=\"has-black-color has-white-background-color has-text-color has-background has-small-font-size\">SRC:<br>Edito d&rsquo;E. Fottorino, \u00eatre agriculteur fran\u00e7ais aujourd&rsquo;hui :<br>src: le #1 (N\u00b0284 19 fev.2020)<\/p>\n<\/div>\n<\/div>\n\n\n\n<div class=\"wp-block-columns is-layout-flex wp-container-core-columns-is-layout-4 wp-block-columns-is-layout-flex\">\n<div class=\"wp-block-column is-layout-flow wp-block-column-is-layout-flow\">\n<h2 class=\"wp-block-heading has-black-color has-white-background-color has-text-color has-background has-medium-font-size\"><br><strong>En 2017 les Hors-cadres repr\u00e9sentaient 32% des installations aid\u00e9es. Mais c&rsquo;est en r\u00e9alit\u00e9 beaucoup plus car les statistiques ont encore du mal \u00e0 les capter.<\/strong><\/h2>\n\n\n\n<h2 class=\"wp-block-heading has-black-color has-white-background-color has-text-color has-background has-small-font-size\"><br><br>SRC:<br>N\u00e9o-Agriculteurs, tenez ferme !<br>src : Sesame, nov2019 par L. Martin-Meyer, <a rel=\"noreferrer noopener\" href=\"http:\/\/neo-agri.org\" target=\"_blank\">http:\/\/neo-agri.org<\/a>, F. Purseigle<strong><br><\/strong><br><br><\/h2>\n<\/div>\n\n\n\n<div class=\"wp-block-column is-layout-flow wp-block-column-is-layout-flow\"><\/div>\n<\/div>\n\n\n\n<div class=\"wp-block-columns is-layout-flex wp-container-core-columns-is-layout-5 wp-block-columns-is-layout-flex\">\n<div class=\"wp-block-column is-layout-flow wp-block-column-is-layout-flow\">\n<div style=\"height:18px\" aria-hidden=\"true\" class=\"wp-block-spacer\"><\/div>\n<\/div>\n\n\n\n<div class=\"wp-block-column is-layout-flow wp-block-column-is-layout-flow\">\n<div style=\"height:18px\" aria-hidden=\"true\" class=\"wp-block-spacer\"><\/div>\n\n\n\n<p><\/p>\n\n\n\n<div style=\"height:199px\" aria-hidden=\"true\" class=\"wp-block-spacer\"><\/div>\n\n\n\n<p><\/p>\n<\/div>\n<\/div>\n\n\n\n<div style=\"height:100px\" aria-hidden=\"true\" class=\"wp-block-spacer\"><\/div>\n\n\n\n<h2 class=\"wp-block-heading has-black-color has-text-color has-background\" style=\"background-color:#ededed\">RESSOURCES ASSOCI\u00c9ES<\/h2>\n\n\n\n<div style=\"height:50px\" aria-hidden=\"true\" class=\"wp-block-spacer\"><\/div>\n\n\n\n<div class=\"wp-block-columns is-layout-flex wp-container-core-columns-is-layout-6 wp-block-columns-is-layout-flex\">\n<div class=\"wp-block-column is-layout-flow wp-block-column-is-layout-flow\">\n<figure class=\"wp-block-embed is-type-video is-provider-vimeo wp-block-embed-vimeo wp-embed-aspect-16-9 wp-has-aspect-ratio\"><div class=\"wp-block-embed__wrapper\">\n<iframe loading=\"lazy\" title=\"Nuisibles ( le film entier )\" src=\"https:\/\/player.vimeo.com\/video\/419518381?dnt=1&amp;app_id=122963\" width=\"760\" height=\"428\" frameborder=\"0\" allow=\"autoplay; fullscreen; picture-in-picture\"><\/iframe>\n<\/div><figcaption class=\"wp-element-caption\">NUISIBLES, <em><strong>Documentaire&nbsp; \/&nbsp; 2020 \/&nbsp; 37 min<\/strong><\/em><br>Paolo Jacob<br>src: <br><a href=\"https:\/\/paolojacob.wixsite.com\/realisateur\/copie-de-les-libert%C3%A9s-prises\" target=\"_blank\" rel=\"noreferrer noopener\">https:\/\/paolojacob.wixsite.com\/realisateur\/copie-de-les-libert%C3%A9s-prises<\/a><\/figcaption><\/figure>\n<\/div>\n\n\n\n<div class=\"wp-block-column is-layout-flow wp-block-column-is-layout-flow\">\n<iframe loading=\"lazy\" allowfullscreen=\"true\" style=\"transition-duration:0;transition-property:no;margin:0 auto;position:relative;display:block;background-color:#000000;\" scrolling=\"no\" src=\"https:\/\/www.arte.tv\/player\/v7\/index.html?json_url=https%3A%2F%2Fapi.arte.tv%2Fapi%2Fplayer%2Fv2%2Fconfig%2Ffr%2F100300-021-A&amp;lang=fr_FR&amp;autoplay=true&amp;mute=0&amp;previewData=%7B%22title%22%3A%22ARTE%20Regards%20-%20Les%20agri-influenceurs%22%2C%22subtitle%22%3A%22Les%20r%C3%A9seaux%20sociaux%20du%20monde%20agricole%22%2C%22image%22%3A%22https%3A%2F%2Fapi-cdn.arte.tv%2Fimg%2Fv2%2Fimage%2FfAqJcxLF7WiboXiUn5dZw7%2F940x530%22%7D\" width=\"100%\" height=\"100%\" frameborder=\"0\"><\/iframe>\n\n\n\n<p>ARTE Regards &#8211; <strong>Les agri-influenceursLes r\u00e9seaux sociaux du monde agricole<\/strong><\/p>\n<\/div>\n<\/div>\n\n\n\n<div style=\"height:30px\" aria-hidden=\"true\" class=\"wp-block-spacer\"><\/div>\n\n\n\n<h2 class=\"wp-block-heading\"><strong>PORTRAITS CROISES<\/strong><\/h2>\n\n\n\n<div class=\"wp-block-columns is-layout-flex wp-container-core-columns-is-layout-7 wp-block-columns-is-layout-flex\">\n<div class=\"wp-block-column is-layout-flow wp-block-column-is-layout-flow\">\n<figure class=\"wp-block-image size-large\"><img loading=\"lazy\" decoding=\"async\" width=\"1030\" height=\"692\" src=\"http:\/\/nparo.fr\/wp-content\/uploads\/2022\/10\/nuisibles-homme-1030x692.png\" alt=\"\" class=\"wp-image-5348\" srcset=\"https:\/\/nparo.fr\/wp-content\/uploads\/2022\/10\/nuisibles-homme-1030x692.png 1030w, https:\/\/nparo.fr\/wp-content\/uploads\/2022\/10\/nuisibles-homme-300x201.png 300w, https:\/\/nparo.fr\/wp-content\/uploads\/2022\/10\/nuisibles-homme-768x516.png 768w, https:\/\/nparo.fr\/wp-content\/uploads\/2022\/10\/nuisibles-homme-350x235.png 350w, https:\/\/nparo.fr\/wp-content\/uploads\/2022\/10\/nuisibles-homme.png 1400w\" sizes=\"(max-width: 1030px) 100vw, 1030px\" \/><\/figure>\n\n\n\n<p>Portrait : <br>Agriculteur en bio, rustique et incompris, \u00e0 court d&rsquo;id\u00e9es pour r\u00e9gler le probl\u00e8me des corbeaux. Il a une sensibilit\u00e9 \u00e0 la Nature  , conna\u00eet son m\u00e9tier.<br><br>Contexte : animal qui n&rsquo;a plus peur de l&rsquo;homme car <\/p>\n<\/div>\n\n\n\n<div class=\"wp-block-column is-layout-flow wp-block-column-is-layout-flow\">\n<figure class=\"wp-block-image size-large\"><img loading=\"lazy\" decoding=\"async\" width=\"1030\" height=\"521\" src=\"http:\/\/nparo.fr\/wp-content\/uploads\/2022\/10\/Nuisibles-fille-1030x521.png\" alt=\"\" class=\"wp-image-5350\" srcset=\"https:\/\/nparo.fr\/wp-content\/uploads\/2022\/10\/Nuisibles-fille-1030x521.png 1030w, https:\/\/nparo.fr\/wp-content\/uploads\/2022\/10\/Nuisibles-fille-300x152.png 300w, https:\/\/nparo.fr\/wp-content\/uploads\/2022\/10\/Nuisibles-fille-768x388.png 768w, https:\/\/nparo.fr\/wp-content\/uploads\/2022\/10\/Nuisibles-fille-350x177.png 350w, https:\/\/nparo.fr\/wp-content\/uploads\/2022\/10\/Nuisibles-fille.png 1465w\" sizes=\"(max-width: 1030px) 100vw, 1030px\" \/><\/figure>\n\n\n\n<p>Portrait : <br>Elle pose des questions de la <\/p>\n<\/div>\n<\/div>\n\n\n\n<div class=\"wp-block-columns is-layout-flex wp-container-core-columns-is-layout-8 wp-block-columns-is-layout-flex\">\n<div class=\"wp-block-column is-layout-flow wp-block-column-is-layout-flow\">\n<figure class=\"wp-block-image size-large\"><img loading=\"lazy\" decoding=\"async\" width=\"1030\" height=\"638\" src=\"http:\/\/nparo.fr\/wp-content\/uploads\/2022\/10\/influ-agri1-1030x638.png\" alt=\"\" class=\"wp-image-5268\" srcset=\"https:\/\/nparo.fr\/wp-content\/uploads\/2022\/10\/influ-agri1-1030x638.png 1030w, https:\/\/nparo.fr\/wp-content\/uploads\/2022\/10\/influ-agri1-300x186.png 300w, https:\/\/nparo.fr\/wp-content\/uploads\/2022\/10\/influ-agri1-768x476.png 768w, https:\/\/nparo.fr\/wp-content\/uploads\/2022\/10\/influ-agri1-350x217.png 350w, https:\/\/nparo.fr\/wp-content\/uploads\/2022\/10\/influ-agri1.png 1338w\" sizes=\"(max-width: 1030px) 100vw, 1030px\" \/><\/figure>\n\n\n\n<p>Portrait :<\/p>\n<\/div>\n\n\n\n<div class=\"wp-block-column is-layout-flow wp-block-column-is-layout-flow\"><div class=\"wp-block-image\">\n<figure class=\"aligncenter size-large\"><img loading=\"lazy\" decoding=\"async\" width=\"1030\" height=\"636\" src=\"http:\/\/nparo.fr\/wp-content\/uploads\/2022\/10\/agri-influ2-1030x636.png\" alt=\"\" class=\"wp-image-5270\" srcset=\"https:\/\/nparo.fr\/wp-content\/uploads\/2022\/10\/agri-influ2-1030x636.png 1030w, https:\/\/nparo.fr\/wp-content\/uploads\/2022\/10\/agri-influ2-300x185.png 300w, https:\/\/nparo.fr\/wp-content\/uploads\/2022\/10\/agri-influ2-768x474.png 768w, https:\/\/nparo.fr\/wp-content\/uploads\/2022\/10\/agri-influ2-350x216.png 350w, https:\/\/nparo.fr\/wp-content\/uploads\/2022\/10\/agri-influ2.png 1212w\" sizes=\"(max-width: 1030px) 100vw, 1030px\" \/><\/figure><\/div>\n\n\n<p>Portrait :<\/p>\n<\/div>\n\n\n\n<div class=\"wp-block-column is-layout-flow wp-block-column-is-layout-flow\"><div class=\"wp-block-image\">\n<figure class=\"aligncenter size-large\"><img loading=\"lazy\" decoding=\"async\" width=\"1030\" height=\"591\" src=\"http:\/\/nparo.fr\/wp-content\/uploads\/2022\/10\/agri-influ3-1030x591.png\" alt=\"\" class=\"wp-image-5271\" srcset=\"https:\/\/nparo.fr\/wp-content\/uploads\/2022\/10\/agri-influ3-1030x591.png 1030w, https:\/\/nparo.fr\/wp-content\/uploads\/2022\/10\/agri-influ3-300x172.png 300w, https:\/\/nparo.fr\/wp-content\/uploads\/2022\/10\/agri-influ3-768x441.png 768w, https:\/\/nparo.fr\/wp-content\/uploads\/2022\/10\/agri-influ3-350x201.png 350w, https:\/\/nparo.fr\/wp-content\/uploads\/2022\/10\/agri-influ3.png 1264w\" sizes=\"(max-width: 1030px) 100vw, 1030px\" \/><\/figure><\/div>\n\n\n<p>Portrait : <\/p>\n<\/div>\n<\/div>\n\n\n\n<p>Jeunes passionn\u00e9s d\u00e9termin\u00e9s engag\u00e9s dans leur activit\u00e9 qui veulent faire conna\u00eetre leur valeurs leur travail. Ils repr\u00e9sentent  la nouvelle mani\u00e8re de travailler dans leur domaine, ils sont issus de familles agriculteurs.<\/p>\n\n\n\n<p>Personnes innovantes qui s&rsquo;affrontent aux critiques de la soci\u00e9t\u00e9.<\/p>\n\n\n\n<p><\/p>\n\n\n\n<div style=\"height:100px\" aria-hidden=\"true\" class=\"wp-block-spacer\"><\/div>\n\n\n\n<h2 class=\"wp-block-heading\"><strong>Les expos\u00e9s de groupe<\/strong><br><\/h2>\n\n\n\n<div class=\"wp-block-columns is-layout-flex wp-container-core-columns-is-layout-9 wp-block-columns-is-layout-flex\">\n<div class=\"wp-block-column is-layout-flow wp-block-column-is-layout-flow\">\n<h2 class=\"wp-block-heading\">#1 Europacity<\/h2>\n\n\n\n<iframe loading=\"lazy\" title=\"Arte Radio\" src=\"https:\/\/www.arteradio.com\/node\/616190?embed\" style=\"border:1px #DADADA solid;\" name=\"\" scrolling=\"no\" width=\"600\" height=\"145\" align=\"bottom\"><\/iframe>\n<\/div>\n\n\n\n<div class=\"wp-block-column is-layout-flow wp-block-column-is-layout-flow\">\n<h2 class=\"wp-block-heading\">#2 La ZAD de Notre-Dame des landes<\/h2>\n\n\n\n<iframe loading=\"lazy\" title=\"Arte Radio\" src=\"https:\/\/www.arteradio.com\/node\/616107?embed\" style=\"border:1px #DADADA solid;\" name=\"\" scrolling=\"no\" width=\"600\" height=\"145\" align=\"bottom\"><\/iframe>\n<\/div>\n<\/div>\n\n\n\n<div class=\"wp-block-columns is-layout-flex wp-container-core-columns-is-layout-10 wp-block-columns-is-layout-flex\">\n<div class=\"wp-block-column is-layout-flow wp-block-column-is-layout-flow\">\n<h2 class=\"wp-block-heading\">#3 Fakir : \u00ab\u00a0Le fou rend les vaches folles\u00a0\u00bb<br>art juillet 2022<\/h2>\n\n\n\n<figure class=\"wp-block-image size-full\"><img loading=\"lazy\" decoding=\"async\" width=\"554\" height=\"276\" src=\"http:\/\/nparo.fr\/wp-content\/uploads\/2022\/10\/fakir.png\" alt=\"\" class=\"wp-image-5353\" srcset=\"https:\/\/nparo.fr\/wp-content\/uploads\/2022\/10\/fakir.png 554w, https:\/\/nparo.fr\/wp-content\/uploads\/2022\/10\/fakir-300x149.png 300w, https:\/\/nparo.fr\/wp-content\/uploads\/2022\/10\/fakir-350x174.png 350w\" sizes=\"(max-width: 554px) 100vw, 554px\" \/><\/figure>\n<\/div>\n\n\n\n<div class=\"wp-block-column is-layout-flow wp-block-column-is-layout-flow\">\n<h2 class=\"wp-block-heading\">#4 Pol\u00e9mique autour de l&rsquo;implantation d&rsquo;un parc  <\/h2>\n\n\n\n<figure class=\"wp-block-image size-full\"><a href=\"https:\/\/france3-regions.francetvinfo.fr\/nouvelle-aquitaine\/gironde\/bordeaux\/polemique-autour-du-parc-photovoltaique-geant-a-saucats-trop-grand-et-trop-risque-2490421.html\" target=\"_blank\" rel=\"noreferrer noopener\"><img loading=\"lazy\" decoding=\"async\" width=\"801\" height=\"513\" src=\"http:\/\/nparo.fr\/wp-content\/uploads\/2022\/10\/panophto.png\" alt=\"\" class=\"wp-image-5354\" srcset=\"https:\/\/nparo.fr\/wp-content\/uploads\/2022\/10\/panophto.png 801w, https:\/\/nparo.fr\/wp-content\/uploads\/2022\/10\/panophto-300x192.png 300w, https:\/\/nparo.fr\/wp-content\/uploads\/2022\/10\/panophto-768x492.png 768w, https:\/\/nparo.fr\/wp-content\/uploads\/2022\/10\/panophto-350x224.png 350w\" sizes=\"(max-width: 801px) 100vw, 801px\" \/><\/a><\/figure>\n<\/div>\n<\/div>\n\n\n\n<div style=\"height:54px\" aria-hidden=\"true\" class=\"wp-block-spacer\"><\/div>\n\n\n\n<div style=\"height:100px\" aria-hidden=\"true\" class=\"wp-block-spacer\"><\/div>\n\n\n\n<div style=\"height:100px\" aria-hidden=\"true\" class=\"wp-block-spacer\"><\/div>\n\n\n\n<p class=\"has-small-font-size\">SRC: <\/p>\n\n\n\n<p class=\"has-small-font-size\">1- <strong>N\u00e9o-Agriculteurs, tenez ferme !<br>src : Sesame, nov2019 par L. Martin-Meyer, <a rel=\"noreferrer noopener\" href=\"http:\/\/neo-agri.org\" target=\"_blank\">http:\/\/neo-agri.org<\/a>, F. Purseigle<\/strong><\/p>\n\n\n\n<p class=\"has-small-font-size\">2- paysans4 <strong>REPERES :<\/strong><br><strong><strong>src: le #1 (N\u00b0284 19 fev.2020)<\/strong><\/strong><\/p>\n\n\n\n<p class=\"has-small-font-size\">3- Edito d\u2019E. Fottorino, \u00eatre agriculteur fran\u00e7ais aujourd\u2019hui :<br>src: le #1 (N\u00b0284 19 fev.2020)<\/p>\n","protected":false},"excerpt":{"rendered":"<p>#1 LES TERRITOIRES RURAUX Petit rappel : La fonction des espaces ruraux est traditionnellement agricole et pour une grande part dirig\u00e9e vers l\u2019alimentation humaine, cependant celle-ci \u00e9volue. 1\/ Les paysans, agriculteurs, exploitants des acteurs historiques qui \u00e9voluent. LE CONTEXTE La population des agriculteurs en France est une population vieillissante qui a du mal \u00e0 se [&hellip;]<\/p>\n","protected":false},"author":2,"featured_media":0,"comment_status":"closed","ping_status":"open","sticky":false,"template":"","format":"aside","meta":{"footnotes":""},"categories":[49],"tags":[],"_links":{"self":[{"href":"https:\/\/nparo.fr\/index.php?rest_route=\/wp\/v2\/posts\/5108"}],"collection":[{"href":"https:\/\/nparo.fr\/index.php?rest_route=\/wp\/v2\/posts"}],"about":[{"href":"https:\/\/nparo.fr\/index.php?rest_route=\/wp\/v2\/types\/post"}],"author":[{"embeddable":true,"href":"https:\/\/nparo.fr\/index.php?rest_route=\/wp\/v2\/users\/2"}],"replies":[{"embeddable":true,"href":"https:\/\/nparo.fr\/index.php?rest_route=%2Fwp%2Fv2%2Fcomments&post=5108"}],"version-history":[{"count":45,"href":"https:\/\/nparo.fr\/index.php?rest_route=\/wp\/v2\/posts\/5108\/revisions"}],"predecessor-version":[{"id":5861,"href":"https:\/\/nparo.fr\/index.php?rest_route=\/wp\/v2\/posts\/5108\/revisions\/5861"}],"wp:attachment":[{"href":"https:\/\/nparo.fr\/index.php?rest_route=%2Fwp%2Fv2%2Fmedia&parent=5108"}],"wp:term":[{"taxonomy":"category","embeddable":true,"href":"https:\/\/nparo.fr\/index.php?rest_route=%2Fwp%2Fv2%2Fcategories&post=5108"},{"taxonomy":"post_tag","embeddable":true,"href":"https:\/\/nparo.fr\/index.php?rest_route=%2Fwp%2Fv2%2Ftags&post=5108"}],"curies":[{"name":"wp","href":"https:\/\/api.w.org\/{rel}","templated":true}]}}