{"id":4518,"date":"2021-09-07T15:04:54","date_gmt":"2021-09-07T13:04:54","guid":{"rendered":"http:\/\/nparo.fr\/?p=4518"},"modified":"2023-06-07T16:04:44","modified_gmt":"2023-06-07T14:04:44","slug":"cartographie-sonore-2nd-prod-2021-2022","status":"publish","type":"post","link":"https:\/\/nparo.fr\/?p=4518","title":{"rendered":"Cartographie sonore 2nd prod 2021-2022"},"content":{"rendered":"\n<h1 class=\"wp-block-heading\">Cartographie sonore 2<sup>nd<\/sup>Prod 2021-2022<\/h1>\n\n\n\n<div class=\"wp-block-columns is-layout-flex wp-container-core-columns-is-layout-1 wp-block-columns-is-layout-flex\">\n<div class=\"wp-block-column is-layout-flow wp-block-column-is-layout-flow\">\n<p>Le projet socioculturel de la classe de 2nd production1 du Legta du Sollier prendra la forme d&rsquo;<strong>une carte sonore permettant de partir \u00e0 la d\u00e9couverte des exploitations agricoles implant\u00e9es sur les territoires des \u00e9l\u00e8ves<\/strong> : leur histoire, leur fonctionnement leur strat\u00e9gie seront au c\u0153ur des diff\u00e9rents r\u00e9cits sonores que les \u00e9l\u00e8ves vont produire.<\/p>\n\n\n\n<p>Ces r\u00e9cits seront par la suite consultables sur une carte sonore r\u00e9alis\u00e9e pas les \u00e9l\u00e8ves gr\u00e2ce au proc\u00e9d\u00e9 technique d\u00e9taill\u00e9 plus bas : la carte Touchboard et l&rsquo;encre conductrice d\u00e9velopp\u00e9es par Bareconductive.<\/p>\n\n\n\n<h2 class=\"wp-block-heading\"><br>FICHES D&rsquo;ACTIVIT\u00c9S :<\/h2>\n\n\n\n<h2 class=\"wp-block-heading\"><a href=\"http:\/\/www.nparo.fr\/DATAS\/2ndPROD\/interview-crois\u00e9es.pdf\" target=\"_blank\" rel=\"noreferrer noopener\">Fiche1 : \u00ab\u00a0interview crois\u00e9es\u00a0\u00bb<\/a><br><\/h2>\n<\/div>\n\n\n\n<div class=\"wp-block-column is-layout-flow wp-block-column-is-layout-flow\"><div class=\"wp-block-image\">\n<figure class=\"aligncenter size-full\"><img loading=\"lazy\" decoding=\"async\" width=\"1024\" height=\"683\" src=\"http:\/\/nparo.fr\/wp-content\/uploads\/2021\/09\/logo-projet.png\" alt=\"\" class=\"wp-image-4534\" srcset=\"https:\/\/nparo.fr\/wp-content\/uploads\/2021\/09\/logo-projet.png 1024w, https:\/\/nparo.fr\/wp-content\/uploads\/2021\/09\/logo-projet-300x200.png 300w, https:\/\/nparo.fr\/wp-content\/uploads\/2021\/09\/logo-projet-768x512.png 768w, https:\/\/nparo.fr\/wp-content\/uploads\/2021\/09\/logo-projet-350x233.png 350w\" sizes=\"(max-width: 1024px) 100vw, 1024px\" \/><\/figure><\/div><\/div>\n<\/div>\n\n\n\n<div class=\"wp-block-columns is-layout-flex wp-container-core-columns-is-layout-2 wp-block-columns-is-layout-flex\">\n<div class=\"wp-block-column is-layout-flow wp-block-column-is-layout-flow\">\n<p><strong>Le son est un vecteur infini d&rsquo;informations.<\/strong> Factuel il est omnipr\u00e9sent partout et ses interpr\u00e9tations sont polymorphes : une porte qui claque qui me dit que tu es f\u00e2ch\u00e9e, le miaulement du chat qui veut rentrer, la voix polic\u00e9e d&rsquo;un homme politique&#8230; la rumeur de la rue.<\/p>\n\n\n\n<p>Le num\u00e9rique en facilitant les \u00e9changes, en cr\u00e9ant des capteurs portatifs performants et des outils de traitement abordables par tous a permis depuis 20 ans l&rsquo;essor du <strong>documentaire sonore sous toutes ses formes.<\/strong><\/p>\n\n\n\n<p>Nous explorerons cette ann\u00e9e quelques-unes de ses facettes.<\/p>\n<\/div>\n\n\n\n<div class=\"wp-block-column is-layout-flow wp-block-column-is-layout-flow\">\n<p class=\"has-white-color has-black-background-color has-text-color has-background\" style=\"font-size:25px\"><strong>Ressources &amp; r\u00e9f\u00e9rences \u00e0 \u00e9couter<\/strong><\/p>\n\n\n\n<div style=\"height:23px\" aria-hidden=\"true\" class=\"wp-block-spacer\"><\/div>\n\n\n<div class=\"wp-block-image\">\n<figure class=\"aligncenter size-large\"><a href=\"https:\/\/www.arteradio.com\/\" target=\"_blank\" rel=\"noopener\"><img loading=\"lazy\" decoding=\"async\" width=\"1030\" height=\"343\" src=\"http:\/\/nparo.fr\/wp-content\/uploads\/2021\/09\/arte-radio-1-1030x343.jpg\" alt=\"\" class=\"wp-image-4529\" srcset=\"https:\/\/nparo.fr\/wp-content\/uploads\/2021\/09\/arte-radio-1-1030x343.jpg 1030w, https:\/\/nparo.fr\/wp-content\/uploads\/2021\/09\/arte-radio-1-300x100.jpg 300w, https:\/\/nparo.fr\/wp-content\/uploads\/2021\/09\/arte-radio-1-768x256.jpg 768w, https:\/\/nparo.fr\/wp-content\/uploads\/2021\/09\/arte-radio-1-350x117.jpg 350w, https:\/\/nparo.fr\/wp-content\/uploads\/2021\/09\/arte-radio-1.jpg 1200w\" sizes=\"(max-width: 1030px) 100vw, 1030px\" \/><\/a><figcaption class=\"wp-element-caption\">Arte Radio<\/figcaption><\/figure><\/div>\n\n\n<div style=\"height:61px\" aria-hidden=\"true\" class=\"wp-block-spacer\"><\/div>\n\n\n\n<figure class=\"wp-block-image size-full\"><a href=\"https:\/\/www.franceculture.fr\/emissions\/lsd-la-serie-documentaire\" target=\"_blank\" rel=\"noopener\"><img loading=\"lazy\" decoding=\"async\" width=\"630\" height=\"630\" src=\"http:\/\/nparo.fr\/wp-content\/uploads\/2021\/09\/LSD-1200x630bb.jpg\" alt=\"\" class=\"wp-image-4539\" srcset=\"https:\/\/nparo.fr\/wp-content\/uploads\/2021\/09\/LSD-1200x630bb.jpg 630w, https:\/\/nparo.fr\/wp-content\/uploads\/2021\/09\/LSD-1200x630bb-300x300.jpg 300w, https:\/\/nparo.fr\/wp-content\/uploads\/2021\/09\/LSD-1200x630bb-80x80.jpg 80w, https:\/\/nparo.fr\/wp-content\/uploads\/2021\/09\/LSD-1200x630bb-350x350.jpg 350w\" sizes=\"(max-width: 630px) 100vw, 630px\" \/><\/a><figcaption class=\"wp-element-caption\"><strong>LSD :<\/strong> la s\u00e9rie documentaire de France culture.<\/figcaption><\/figure>\n<\/div>\n\n\n\n<div class=\"wp-block-column is-layout-flow wp-block-column-is-layout-flow\">\n<p class=\"has-white-color has-black-background-color has-text-color has-background\" style=\"font-size:25px\"><strong>Ressources pour manipuler et fabriquer<\/strong><\/p>\n\n\n\n<div style=\"height:23px\" aria-hidden=\"true\" class=\"wp-block-spacer\"><\/div>\n\n\n<div class=\"wp-block-image\">\n<figure class=\"aligncenter size-full\"><a href=\"http:\/\/www.nparo.fr\/DATAS\/2ndPROD\/Les-PARADOXES-du%20documentaire-sonore.pdf\" target=\"_blank\" rel=\"noopener\"><img loading=\"lazy\" decoding=\"async\" width=\"769\" height=\"499\" src=\"http:\/\/nparo.fr\/wp-content\/uploads\/2021\/09\/Les-PARADOXES-du-documentaire-sonore-1.png\" alt=\"\" class=\"wp-image-4549\" srcset=\"https:\/\/nparo.fr\/wp-content\/uploads\/2021\/09\/Les-PARADOXES-du-documentaire-sonore-1.png 769w, https:\/\/nparo.fr\/wp-content\/uploads\/2021\/09\/Les-PARADOXES-du-documentaire-sonore-1-300x195.png 300w, https:\/\/nparo.fr\/wp-content\/uploads\/2021\/09\/Les-PARADOXES-du-documentaire-sonore-1-350x227.png 350w\" sizes=\"(max-width: 769px) 100vw, 769px\" \/><\/a><\/figure><\/div>\n\n\n<div style=\"height:23px\" aria-hidden=\"true\" class=\"wp-block-spacer\"><\/div>\n\n\n\n<div style=\"height:60px\" aria-hidden=\"true\" class=\"wp-block-spacer\"><\/div>\n\n\n\n<figure class=\"wp-block-embed is-type-video is-provider-youtube wp-block-embed-youtube wp-embed-aspect-16-9 wp-has-aspect-ratio\"><div class=\"wp-block-embed__wrapper\">\n<iframe loading=\"lazy\" title=\"Touch Board Starter Kit | 2019\" width=\"760\" height=\"428\" src=\"https:\/\/www.youtube.com\/embed\/LiWQ_Ni8ugY?feature=oembed\" frameborder=\"0\" allow=\"accelerometer; autoplay; clipboard-write; encrypted-media; gyroscope; picture-in-picture\" allowfullscreen><\/iframe>\n<\/div><\/figure>\n<\/div>\n<\/div>\n\n\n\n<div style=\"height:500px\" aria-hidden=\"true\" class=\"wp-block-spacer\"><\/div>\n","protected":false},"excerpt":{"rendered":"<p>Cartographie sonore 2ndProd 2021-2022 Le projet socioculturel de la classe de 2nd production1 du Legta du Sollier prendra la forme d&rsquo;une carte sonore permettant de partir \u00e0 la d\u00e9couverte des exploitations agricoles implant\u00e9es sur les territoires des \u00e9l\u00e8ves : leur histoire, leur fonctionnement leur strat\u00e9gie seront au c\u0153ur des diff\u00e9rents r\u00e9cits sonores que les \u00e9l\u00e8ves [&hellip;]<\/p>\n","protected":false},"author":2,"featured_media":0,"comment_status":"closed","ping_status":"open","sticky":false,"template":"","format":"aside","meta":{"footnotes":""},"categories":[44],"tags":[],"_links":{"self":[{"href":"https:\/\/nparo.fr\/index.php?rest_route=\/wp\/v2\/posts\/4518"}],"collection":[{"href":"https:\/\/nparo.fr\/index.php?rest_route=\/wp\/v2\/posts"}],"about":[{"href":"https:\/\/nparo.fr\/index.php?rest_route=\/wp\/v2\/types\/post"}],"author":[{"embeddable":true,"href":"https:\/\/nparo.fr\/index.php?rest_route=\/wp\/v2\/users\/2"}],"replies":[{"embeddable":true,"href":"https:\/\/nparo.fr\/index.php?rest_route=%2Fwp%2Fv2%2Fcomments&post=4518"}],"version-history":[{"count":18,"href":"https:\/\/nparo.fr\/index.php?rest_route=\/wp\/v2\/posts\/4518\/revisions"}],"predecessor-version":[{"id":5761,"href":"https:\/\/nparo.fr\/index.php?rest_route=\/wp\/v2\/posts\/4518\/revisions\/5761"}],"wp:attachment":[{"href":"https:\/\/nparo.fr\/index.php?rest_route=%2Fwp%2Fv2%2Fmedia&parent=4518"}],"wp:term":[{"taxonomy":"category","embeddable":true,"href":"https:\/\/nparo.fr\/index.php?rest_route=%2Fwp%2Fv2%2Fcategories&post=4518"},{"taxonomy":"post_tag","embeddable":true,"href":"https:\/\/nparo.fr\/index.php?rest_route=%2Fwp%2Fv2%2Ftags&post=4518"}],"curies":[{"name":"wp","href":"https:\/\/api.w.org\/{rel}","templated":true}]}}